{"id":326,"date":"2021-01-27T17:07:16","date_gmt":"2021-01-27T17:07:16","guid":{"rendered":"http:\/\/www.cooperare.org.uy\/?p=326"},"modified":"2021-01-27T17:07:18","modified_gmt":"2021-01-27T17:07:18","slug":"el-movimiento-cooperativo-lamenta-la-perdida-del-dr-tabare-vazquez","status":"publish","type":"post","link":"http:\/\/www.cooperare.org.uy\/?p=326","title":{"rendered":"EL MOVIMIENTO COOPERATIVO LAMENTA LA P\u00c9RDIDA DEL DR. TABAR\u00c9 V\u00c1ZQUEZ"},"content":{"rendered":"\n<figure class=\"wp-block-image alignwide size-large\"><a href=\"http:\/\/www.cooperare.org.uy\/wp-content\/uploads\/2021\/01\/11.png\"><img loading=\"lazy\" decoding=\"async\" width=\"1024\" height=\"740\" src=\"http:\/\/www.cooperare.org.uy\/wp-content\/uploads\/2021\/01\/11-1024x740.png\" alt=\"\" class=\"wp-image-327\" srcset=\"http:\/\/www.cooperare.org.uy\/wp-content\/uploads\/2021\/01\/11-1024x740.png 1024w, http:\/\/www.cooperare.org.uy\/wp-content\/uploads\/2021\/01\/11-300x217.png 300w, http:\/\/www.cooperare.org.uy\/wp-content\/uploads\/2021\/01\/11-768x555.png 768w, http:\/\/www.cooperare.org.uy\/wp-content\/uploads\/2021\/01\/11-1536x1110.png 1536w, http:\/\/www.cooperare.org.uy\/wp-content\/uploads\/2021\/01\/11-2048x1480.png 2048w, http:\/\/www.cooperare.org.uy\/wp-content\/uploads\/2021\/01\/11-1140x824.png 1140w\" sizes=\"auto, (max-width: 1024px) 100vw, 1024px\" \/><\/a><\/figure>\n\n\n\n<p>Ante el reciente fallecimiento del ex presidente de la Rep\u00fablica, Dr. Tabar\u00e9 V\u00e1zquez, el cooperativismo destaca su actuaci\u00f3n por el sector.<\/p>\n\n\n\n<p>Se reconoce en su persona, la trayectoria e impulso brindado desde su calidad humana, pol\u00edtica y profesional, para que el cooperativismo cuente hoy con una ley general de cooperativas, un Instituto Nacional del Cooperativismo, un cooperativismo de viviendas expandido, un cooperativismo de trabajo con mayor consolidaci\u00f3n.<\/p>\n\n\n\n<p>Hacemos llegar un fraternal saludo a su familia, familiares, amigos y a todo el pa\u00eds.<\/p>\n\n\n\n<p>CONFEDERACI\u00d3N URUGUAYA DE ENTIDADES COOPERATIVAS&nbsp;<\/p>\n","protected":false},"excerpt":{"rendered":"<p>Ante el reciente fallecimiento del ex presidente de la Rep\u00fablica, Dr. Tabar\u00e9 V\u00e1zquez, el cooperativismo destaca su actuaci\u00f3n por el sector. Se reconoce en su persona, la trayectoria e impulso brindado desde su calidad humana, pol\u00edtica y profesional, para que el cooperativismo cuente hoy con una ley general de cooperativas, un Instituto Nacional del Cooperativismo, &hellip; <\/p>\n<p><a class=\"more-link btn\" href=\"http:\/\/www.cooperare.org.uy\/?p=326\">Seguir leyendo<\/a><\/p>\n","protected":false},"author":5,"featured_media":0,"comment_status":"closed","ping_status":"closed","sticky":false,"template":"","format":"standard","meta":{"footnotes":""},"categories":[1],"tags":[],"class_list":["post-326","post","type-post","status-publish","format-standard","hentry","category-noticias","item-wrap"],"_links":{"self":[{"href":"http:\/\/www.cooperare.org.uy\/index.php?rest_route=\/wp\/v2\/posts\/326","targetHints":{"allow":["GET"]}}],"collection":[{"href":"http:\/\/www.cooperare.org.uy\/index.php?rest_route=\/wp\/v2\/posts"}],"about":[{"href":"http:\/\/www.cooperare.org.uy\/index.php?rest_route=\/wp\/v2\/types\/post"}],"author":[{"embeddable":true,"href":"http:\/\/www.cooperare.org.uy\/index.php?rest_route=\/wp\/v2\/users\/5"}],"replies":[{"embeddable":true,"href":"http:\/\/www.cooperare.org.uy\/index.php?rest_route=%2Fwp%2Fv2%2Fcomments&post=326"}],"version-history":[{"count":1,"href":"http:\/\/www.cooperare.org.uy\/index.php?rest_route=\/wp\/v2\/posts\/326\/revisions"}],"predecessor-version":[{"id":328,"href":"http:\/\/www.cooperare.org.uy\/index.php?rest_route=\/wp\/v2\/posts\/326\/revisions\/328"}],"wp:attachment":[{"href":"http:\/\/www.cooperare.org.uy\/index.php?rest_route=%2Fwp%2Fv2%2Fmedia&parent=326"}],"wp:term":[{"taxonomy":"category","embeddable":true,"href":"http:\/\/www.cooperare.org.uy\/index.php?rest_route=%2Fwp%2Fv2%2Fcategories&post=326"},{"taxonomy":"post_tag","embeddable":true,"href":"http:\/\/www.cooperare.org.uy\/index.php?rest_route=%2Fwp%2Fv2%2Ftags&post=326"}],"curies":[{"name":"wp","href":"https:\/\/api.w.org\/{rel}","templated":true}]}}