{"id":296,"date":"2012-01-18T16:37:53","date_gmt":"2012-01-18T16:37:53","guid":{"rendered":"http:\/\/www.cooperare.org.uy\/?p=296"},"modified":"2012-01-19T16:38:20","modified_gmt":"2012-01-19T16:38:20","slug":"seminario-sobre-la-participacion-de-los-socios-en-cooperativas-de-afiliacion-masiva","status":"publish","type":"post","link":"http:\/\/www.cooperare.org.uy\/?p=296","title":{"rendered":"Seminario sobre \u00abLa participaci\u00f3n de los socios en cooperativas de afiliaci\u00f3n masiva\u00bb"},"content":{"rendered":"<p align=\"justify\">La Confederaci\u00f3n Uruguaya de Entidades Cooperativas y FUCAC realizar\u00e1n un seminario-taller sobre la participaci\u00f3n de los socios en cooperativas de afiliaci\u00f3n masiva, que se llevar\u00e1 a cabo el pr\u00f3ximo lunes 28 de noviembre.<!--more--><\/p>\n<p align=\"justify\">PROGRAMA:<\/p>\n<p>&#8211; Apertura<br \/>\n&#8211; Presentaci\u00f3n del avance del \u201cEstudio sobre la participaci\u00f3n en las cooperativas y propuesta de modelo de participaci\u00f3n\u201d. Dra. Marcia Rivera, CLAEH.<br \/>\n&#8211; An\u00e1lisis y recomendaciones sobre los resultados de las consultor\u00edas realizadas para FUCAC en el marco de este proyecto, a cargo de Jos\u00e9 Pi\u00f1eiro, Coordinador de la Unidad T\u00e9cnica de CUDECOOP<br \/>\n&#8211; Talleres con la participaci\u00f3n de delegados e invitados y presentaci\u00f3n de conclusiones<br \/>\n&#8211; Cierre del seminario a cargo de Javier Pi, Gerente de FUCAC<\/p>\n","protected":false},"excerpt":{"rendered":"<p>La Confederaci\u00f3n Uruguaya de Entidades Cooperativas y FUCAC realizar\u00e1n un seminario-taller sobre la participaci\u00f3n de los socios en cooperativas de afiliaci\u00f3n masiva, que se llevar\u00e1 a cabo el pr\u00f3ximo lunes 28 de noviembre.<\/p><p><a class=\"more-link btn\" href=\"http:\/\/www.cooperare.org.uy\/?p=296\">Seguir leyendo<\/a><\/p>\n","protected":false},"author":5,"featured_media":0,"comment_status":"closed","ping_status":"closed","sticky":false,"template":"","format":"standard","meta":{"footnotes":""},"categories":[1],"tags":[],"class_list":["post-296","post","type-post","status-publish","format-standard","hentry","category-noticias","item-wrap"],"_links":{"self":[{"href":"http:\/\/www.cooperare.org.uy\/index.php?rest_route=\/wp\/v2\/posts\/296","targetHints":{"allow":["GET"]}}],"collection":[{"href":"http:\/\/www.cooperare.org.uy\/index.php?rest_route=\/wp\/v2\/posts"}],"about":[{"href":"http:\/\/www.cooperare.org.uy\/index.php?rest_route=\/wp\/v2\/types\/post"}],"author":[{"embeddable":true,"href":"http:\/\/www.cooperare.org.uy\/index.php?rest_route=\/wp\/v2\/users\/5"}],"replies":[{"embeddable":true,"href":"http:\/\/www.cooperare.org.uy\/index.php?rest_route=%2Fwp%2Fv2%2Fcomments&post=296"}],"version-history":[{"count":1,"href":"http:\/\/www.cooperare.org.uy\/index.php?rest_route=\/wp\/v2\/posts\/296\/revisions"}],"predecessor-version":[{"id":297,"href":"http:\/\/www.cooperare.org.uy\/index.php?rest_route=\/wp\/v2\/posts\/296\/revisions\/297"}],"wp:attachment":[{"href":"http:\/\/www.cooperare.org.uy\/index.php?rest_route=%2Fwp%2Fv2%2Fmedia&parent=296"}],"wp:term":[{"taxonomy":"category","embeddable":true,"href":"http:\/\/www.cooperare.org.uy\/index.php?rest_route=%2Fwp%2Fv2%2Fcategories&post=296"},{"taxonomy":"post_tag","embeddable":true,"href":"http:\/\/www.cooperare.org.uy\/index.php?rest_route=%2Fwp%2Fv2%2Ftags&post=296"}],"curies":[{"name":"wp","href":"https:\/\/api.w.org\/{rel}","templated":true}]}}