{"id":195,"date":"2011-06-28T18:05:05","date_gmt":"2011-06-28T18:05:05","guid":{"rendered":"http:\/\/www.cooperare.org.uy\/?p=195"},"modified":"2012-01-19T16:44:55","modified_gmt":"2012-01-19T16:44:55","slug":"las-cooperativas-del-pais-unidas-en-una-sola-cooperativa-la-confederacion","status":"publish","type":"post","link":"http:\/\/www.cooperare.org.uy\/?p=195","title":{"rendered":"Las cooperativas del pa\u00eds unidas en una sola cooperativa: la CONFEDERACI\u00d3N"},"content":{"rendered":"<p>&nbsp;<\/p>\n<p>El pasado jueves 9 de junio el movimiento cooperativo uruguayo vivi\u00f3 un acontecimiento hist\u00f3rico en tanto su organizaci\u00f3n madre, la Confederaci\u00f3n Uruguaya de Cooperativas, dej\u00f3 su calidad de asociaci\u00f3n sin fines de lucro para ser formalmente Cooperativa.<!--more-->El conjunto de entidades asociadas pertenecientes a las m\u00e1s diversas modalidades votaron un\u00e1nimemente en Asamblea Extraordinaria la transformaci\u00f3n, y compartieron con posterioridad un Brindis de camarader\u00eda junto a dirigentes de hoy y de siempre, autoridades institucionales y ministeriales.<\/p>\n<p>Marcando un nuevo moj\u00f3n en la historia del cooperativismo uruguayo, de acuerdo al art\u00edculo 219 de la Ley General de Cooperativas No. 18.407, el pasado jueves 9 de junio en Asamblea Federal Extraordinaria, la Confederaci\u00f3n Uruguaya de Cooperativas se transform\u00f3 en Cooperativa de tercer grado. El acto cont\u00f3 con la presencia de los asamble\u00edstas representantes de las entidades de base en la Confederaci\u00f3n que por unanimidad votaron el cambio en la forma jur\u00eddica.<\/p>\n<p>En palabras de su presidente Rosana Perdomo, \u201ceste es un logro del conjunto del movimiento. Es un proceso impulsado por anteriores autoridades de la Confederaci\u00f3n que con esfuerzo y tes\u00f3n motivaron este camino que hoy, la actual directiva con orgullo est\u00e1 cerrando, abriendo una nueva etapa con la coronaci\u00f3n de CUDECOOP como Cooperativa\u201d.<\/p>\n<p>\u201cEste es un cambio en nuestra forma jur\u00eddica que no hace m\u00e1s que formalizar una pr\u00e1ctica que venimos ejerciendo desde siempre como cooperativistas. La Confederaci\u00f3n hubiera sido cooperativa desde el inicio en el a\u00f1o 1988 si el marco jur\u00eddico del momento hubiera sido el adecuado, como el actual. Creemos que el logro no solo ha sido pasar a ser Cooperativa, sino que tambi\u00e9n vale reconocer el esfuerzo del movimiento en promover la Ley General de Cooperativas 18.407, que hoy no solo nos permite esta transici\u00f3n que fortalece a la Confederaci\u00f3n, sino que tambi\u00e9n ha permitido otros avances como la creaci\u00f3n del INACOOP donde la Confederaci\u00f3n tiene a sus propios delegados trabajando para promover el movimiento cooperativo en ese nuevo \u00f3rgano p\u00fablico\u201d.<\/p>\n<p>En este sentido, es que la presidente de la Confederaci\u00f3n Uruguaya de Cooperativas cerr\u00f3 su discurso reflejando el sentir del conjunto del movimiento cooperativo: \u201ccada vez m\u00e1s pretendemos que la econom\u00eda social y solidaria crezca en todos los \u00e1mbitos; en las cooperativas de base que se genere m\u00e1s trabajo, con una redistribuci\u00f3n m\u00e1s equitativa de la riqueza. En esa l\u00ednea estamos trabajando en forma conjunta todo el movimiento. Para eso creemos en la Confederaci\u00f3n como un articulador. Nuestra aspiraci\u00f3n es trabajar fuertemente el tema de la intercooperaci\u00f3n, no como un valor solamente o un principio sino como una pr\u00e1ctica que nosotros podemos llevar adelante, tratando de consolidar procesos de integraci\u00f3n en las distintas modalidades cooperativas y entre las cooperativas entre s\u00ed. Hoy nos encontramos adem\u00e1s liderando un proceso de modernizaci\u00f3n de la gesti\u00f3n jugando un rol clave en la sociedad, en tanto involucra a m\u00e1s de 1000 cooperativas y a m\u00e1s de 1 mill\u00f3n de uruguayos\u201d.<\/p>\n<p>Finalmente, el acto de cierre cont\u00f3 con un reconocimiento del Comit\u00e9 Ejecutivo actual a los ex presidentes de la Confederaci\u00f3n, Miguel Cardozo, Danilo Guti\u00e9rrez, Jos\u00e9 Jorge Albari\u00f1o y Ad\u00e1n Mart\u00ednez, y a un reconocido y querido cooperativista como Juan Jos\u00e9 Sarachu, por su trayectoria y aporte al movimiento.<\/p>\n<p>Asimismo, la Federaci\u00f3n de Cooperativas de Producci\u00f3n del Uruguay, como entidad miembro hizo entrega de un obsequio a la instituci\u00f3n por los logros cosechados. El conjunto de funcionarios de CUDECOOP tambi\u00e9n hizo un reconocimiento a la dirigencia de la Confederaci\u00f3n.<\/p>\n<p><strong>Entrevista a Rosana Perdomo en radio Montecarlo<\/strong><br \/>\n<a href=\"http:\/\/www.cudecoop.coop\/documentos\/audio\/NOTA%2001%20Dra.%20Perdomo%20%28CORI%29.mp3\" target=\"_BLANK\">(escuchar audio aqu\u00ed)<\/a><\/p>\n","protected":false},"excerpt":{"rendered":"<p>&nbsp; El pasado jueves 9 de junio el movimiento cooperativo uruguayo vivi\u00f3 un acontecimiento hist\u00f3rico en tanto su organizaci\u00f3n madre, la Confederaci\u00f3n Uruguaya de Cooperativas, dej\u00f3 su calidad de asociaci\u00f3n sin fines de lucro para ser formalmente Cooperativa.<\/p><p><a class=\"more-link btn\" href=\"http:\/\/www.cooperare.org.uy\/?p=195\">Seguir leyendo<\/a><\/p>\n","protected":false},"author":5,"featured_media":0,"comment_status":"closed","ping_status":"closed","sticky":false,"template":"","format":"standard","meta":{"footnotes":""},"categories":[1],"tags":[],"class_list":["post-195","post","type-post","status-publish","format-standard","hentry","category-noticias","item-wrap"],"_links":{"self":[{"href":"http:\/\/www.cooperare.org.uy\/index.php?rest_route=\/wp\/v2\/posts\/195","targetHints":{"allow":["GET"]}}],"collection":[{"href":"http:\/\/www.cooperare.org.uy\/index.php?rest_route=\/wp\/v2\/posts"}],"about":[{"href":"http:\/\/www.cooperare.org.uy\/index.php?rest_route=\/wp\/v2\/types\/post"}],"author":[{"embeddable":true,"href":"http:\/\/www.cooperare.org.uy\/index.php?rest_route=\/wp\/v2\/users\/5"}],"replies":[{"embeddable":true,"href":"http:\/\/www.cooperare.org.uy\/index.php?rest_route=%2Fwp%2Fv2%2Fcomments&post=195"}],"version-history":[{"count":7,"href":"http:\/\/www.cooperare.org.uy\/index.php?rest_route=\/wp\/v2\/posts\/195\/revisions"}],"predecessor-version":[{"id":299,"href":"http:\/\/www.cooperare.org.uy\/index.php?rest_route=\/wp\/v2\/posts\/195\/revisions\/299"}],"wp:attachment":[{"href":"http:\/\/www.cooperare.org.uy\/index.php?rest_route=%2Fwp%2Fv2%2Fmedia&parent=195"}],"wp:term":[{"taxonomy":"category","embeddable":true,"href":"http:\/\/www.cooperare.org.uy\/index.php?rest_route=%2Fwp%2Fv2%2Fcategories&post=195"},{"taxonomy":"post_tag","embeddable":true,"href":"http:\/\/www.cooperare.org.uy\/index.php?rest_route=%2Fwp%2Fv2%2Ftags&post=195"}],"curies":[{"name":"wp","href":"https:\/\/api.w.org\/{rel}","templated":true}]}}