{"id":184,"date":"2011-06-28T17:58:33","date_gmt":"2011-06-28T17:58:33","guid":{"rendered":"http:\/\/www.cooperare.org.uy\/?p=184"},"modified":"2012-01-19T16:45:03","modified_gmt":"2012-01-19T16:45:03","slug":"cudecoop-celebro-su-asamblea-federal-ordinaria","status":"publish","type":"post","link":"http:\/\/www.cooperare.org.uy\/?p=184","title":{"rendered":"CUDECOOP celebr\u00f3 su Asamblea Federal Ordinaria"},"content":{"rendered":"<p>&nbsp;<\/p>\n<p>El pasado jueves 26 de mayo, la Confederaci\u00f3n celebr\u00f3 la Asamblea Federal Ordinaria con la participacion de sus entidades socias.<\/p>\n<p>En la Asamblea, tal como establecen los estatutos sociales de CUDECOOP, se presentaron a su consideraci\u00f3n la Memoria y el Balace correspondiente al ejercicio 2010 as\u00ed como el Informe Comisi\u00f3n Fiscal al respecto.<\/p>\n","protected":false},"excerpt":{"rendered":"<p>&nbsp; El pasado jueves 26 de mayo, la Confederaci\u00f3n celebr\u00f3 la Asamblea Federal Ordinaria con la participacion de sus entidades socias. En la Asamblea, tal como establecen los estatutos sociales de CUDECOOP, se presentaron a su consideraci\u00f3n la Memoria y el Balace correspondiente al ejercicio 2010 as\u00ed como el Informe Comisi\u00f3n Fiscal al respecto.<\/p>\n","protected":false},"author":5,"featured_media":0,"comment_status":"closed","ping_status":"closed","sticky":false,"template":"","format":"standard","meta":{"footnotes":""},"categories":[1],"tags":[],"class_list":["post-184","post","type-post","status-publish","format-standard","hentry","category-noticias","item-wrap"],"_links":{"self":[{"href":"http:\/\/www.cooperare.org.uy\/index.php?rest_route=\/wp\/v2\/posts\/184","targetHints":{"allow":["GET"]}}],"collection":[{"href":"http:\/\/www.cooperare.org.uy\/index.php?rest_route=\/wp\/v2\/posts"}],"about":[{"href":"http:\/\/www.cooperare.org.uy\/index.php?rest_route=\/wp\/v2\/types\/post"}],"author":[{"embeddable":true,"href":"http:\/\/www.cooperare.org.uy\/index.php?rest_route=\/wp\/v2\/users\/5"}],"replies":[{"embeddable":true,"href":"http:\/\/www.cooperare.org.uy\/index.php?rest_route=%2Fwp%2Fv2%2Fcomments&post=184"}],"version-history":[{"count":9,"href":"http:\/\/www.cooperare.org.uy\/index.php?rest_route=\/wp\/v2\/posts\/184\/revisions"}],"predecessor-version":[{"id":301,"href":"http:\/\/www.cooperare.org.uy\/index.php?rest_route=\/wp\/v2\/posts\/184\/revisions\/301"}],"wp:attachment":[{"href":"http:\/\/www.cooperare.org.uy\/index.php?rest_route=%2Fwp%2Fv2%2Fmedia&parent=184"}],"wp:term":[{"taxonomy":"category","embeddable":true,"href":"http:\/\/www.cooperare.org.uy\/index.php?rest_route=%2Fwp%2Fv2%2Fcategories&post=184"},{"taxonomy":"post_tag","embeddable":true,"href":"http:\/\/www.cooperare.org.uy\/index.php?rest_route=%2Fwp%2Fv2%2Ftags&post=184"}],"curies":[{"name":"wp","href":"https:\/\/api.w.org\/{rel}","templated":true}]}}